{"id":71704,"date":"2024-05-03T14:55:41","date_gmt":"2024-05-03T12:55:41","guid":{"rendered":"https:\/\/tmitalia.it\/nuova-collezione-di-ante-in-fibra-di-legno-100-naturale\/"},"modified":"2026-06-24T17:09:02","modified_gmt":"2026-06-24T15:09:02","slug":"facades-de-cuisine-eco-responsables","status":"publish","type":"post","link":"https:\/\/tmitalia.it\/fr\/facades-de-cuisine-eco-responsables\/","title":{"rendered":"Fa\u00e7ades de cuisine \u00e9co-responsables : la nouvelle collection en fibre de bois 100 % naturelle"},"content":{"rendered":"<div class=\"n6owBd awi2gc\" data-sfc-cp=\"\" data-sfc-root=\"ep\" data-sfc-cb=\"\" data-hveid=\"CAAIBBAE\" data-complete=\"true\" data-processed=\"true\" data-copy-service-computed-style=\"font-family: &quot;Google Sans&quot;, Arial, sans-serif; font-size: 16px; font-weight: 400; margin: 12px 0px 16px; text-decoration: none; border-bottom: 0px rgb(10, 10, 10);\">\n<div class=\"n6owBd awi2gc\" data-sfc-cp=\"\" data-sfc-root=\"ep\" data-sfc-cb=\"\" data-hveid=\"CAEICBAE\" data-complete=\"true\" data-processed=\"true\" data-copy-service-computed-style=\"font-family: &quot;Google Sans&quot;, Arial, sans-serif; font-size: 16px; font-weight: 400; margin: 12px 0px 16px; text-decoration: none; border-bottom: 0px rgb(10, 10, 10);\">L&rsquo;\u00e9volution du design contemporain r\u00e9side dans le parfait \u00e9quilibre entre esth\u00e9tique d\u2019avant-garde et responsabilit\u00e9 environnementale. Avec le lancement de sa nouvelle collection de <strong class=\"Yjhzub\" data-sfc-root=\"ep\" data-sfc-cb=\"\" data-complete=\"true\" data-processed=\"true\" data-copy-service-computed-style=\"font-family: &quot;Google Sans&quot;, Arial, sans-serif; font-size: 16px; font-weight: 700; margin: 0px; text-decoration: none; border-bottom: 0px rgb(10, 10, 10);\">fa\u00e7ades de cuisine en fibre de bois 100 % naturelle<!--TgQPHd||[]--><\/strong>, TM Italia introduit une nouvelle r\u00e9f\u00e9rence pour la conception de <strong class=\"Yjhzub\" data-sfc-root=\"ep\" data-sfc-cb=\"\" data-complete=\"true\" data-processed=\"true\" data-copy-service-computed-style=\"font-family: &quot;Google Sans&quot;, Arial, sans-serif; font-size: 16px; font-weight: 700; margin: 0px; text-decoration: none; border-bottom: 0px rgb(10, 10, 10);\">cuisines \u00e9co-responsables<!--TgQPHd||[]--><\/strong> haut de gamme.<!--TgQPHd||[]--><\/div>\n<div class=\"n6owBd awi2gc\" data-sfc-cp=\"\" data-sfc-root=\"ep\" data-sfc-cb=\"\" data-hveid=\"CAEICBAF\" data-complete=\"true\" data-processed=\"true\" aria-owns=\"action-menu-parent-container\" data-copy-service-computed-style=\"font-family: &quot;Google Sans&quot;, Arial, sans-serif; font-size: 16px; font-weight: 400; margin: 12px 0px 16px; text-decoration: none; border-bottom: 0px rgb(10, 10, 10);\">La collection se compose di <strong class=\"Yjhzub\" data-sfc-root=\"ep\" data-sfc-cb=\"\" data-complete=\"true\" data-processed=\"true\" data-copy-service-computed-style=\"font-family: &quot;Google Sans&quot;, Arial, sans-serif; font-size: 16px; font-weight: 700; margin: 0px; text-decoration: none; border-bottom: 0px rgb(10, 10, 10);\">nouvelles finitions \u00e9cologiques<!--TgQPHd||[]--><\/strong>, enti\u00e8rement certifi\u00e9es PEFC et CARB P2, \u00e9tudi\u00e9es pour combiner un design percutant avec les principes de l&rsquo;\u00e9conomie circulaire.<\/div>\n<div class=\"n6owBd awi2gc\" data-sfc-cp=\"\" data-sfc-root=\"ep\" data-sfc-cb=\"\" data-hveid=\"CAEICBAF\" data-complete=\"true\" data-processed=\"true\" aria-owns=\"action-menu-parent-container\" data-copy-service-computed-style=\"font-family: &quot;Google Sans&quot;, Arial, sans-serif; font-size: 16px; font-weight: 400; margin: 12px 0px 16px; text-decoration: none; border-bottom: 0px rgb(10, 10, 10);\">La gamme s&rsquo;articule autour de d\u00e9clinaisons mat\u00e9rielles innovantes con\u00e7ues pour r\u00e9pondre \u00e0 toutes les exigences de style et de fonctionnalit\u00e9, proposant des textures qui imitent fid\u00e8lement le bois, le m\u00e9tal, les surfaces velout\u00e9es et i mat\u00e9riaux naturels.<\/div>\n<\/div>\n","protected":false},"excerpt":{"rendered":"<p>L&rsquo;\u00e9volution du design contemporain r\u00e9side dans le parfait \u00e9quilibre entre esth\u00e9tique d\u2019avant-garde et responsabilit\u00e9 environnementale. Avec le lancement de sa nouvelle collection de fa\u00e7ades de cuisine en fibre de bois 100 % naturelle, TM Italia introduit une nouvelle r\u00e9f\u00e9rence pour la conception de cuisines \u00e9co-responsables haut de gamme. La collection se compose di nouvelles finitions [&hellip;]<\/p>\n","protected":false},"author":4,"featured_media":70819,"comment_status":"closed","ping_status":"open","sticky":false,"template":"","format":"standard","meta":{"_acf_changed":false,"content-type":""},"categories":[574],"tags":[],"class_list":["post-71704","post","type-post","status-publish","format-standard","has-post-thumbnail","hentry","category-non-classifiee","ambient-category-cucina-fr","theme-category-ispirazioni-fr","content-category-news-fr","content-category-moodboard-fr"],"acf":[],"yoast_head":"<!-- This site is optimized with the Yoast SEO Premium plugin v27.9 (Yoast SEO v28.3) - https:\/\/yoast.com\/product\/yoast-seo-premium-wordpress\/ -->\n<title>Fa\u00e7ades de cuisine \u00e9co-responsables : la nouvelle collection en fibre de bois 100 % naturelle Fa\u00e7ades de Cuisine \u00c9co-Responsables en Fibre de Bois | TM Italia| TM Italia<\/title>\n<meta name=\"description\" content=\"D\u00e9couvrez finitions \u00e9cologiques pour cuisines, certifi\u00e9es PEFC et CARB P2. Des surfaces design effet bois, m\u00e9tal et velours soft-touch\" \/>\n<meta name=\"robots\" content=\"index, follow, max-snippet:-1, max-image-preview:large, max-video-preview:-1\" \/>\n<link rel=\"canonical\" href=\"https:\/\/tmitalia.it\/fr\/facades-de-cuisine-eco-responsables\/\" \/>\n<meta property=\"og:locale\" content=\"fr_FR\" \/>\n<meta property=\"og:type\" content=\"article\" \/>\n<meta property=\"og:title\" content=\"Fa\u00e7ades de cuisine \u00e9co-responsables : la nouvelle collection en fibre de bois 100 % naturelle\" \/>\n<meta property=\"og:description\" content=\"D\u00e9couvrez finitions \u00e9cologiques pour cuisines, certifi\u00e9es PEFC et CARB P2. Des surfaces design effet bois, m\u00e9tal et velours soft-touch\" \/>\n<meta property=\"og:url\" content=\"https:\/\/tmitalia.it\/fr\/facades-de-cuisine-eco-responsables\/\" \/>\n<meta property=\"og:site_name\" content=\"TM Italia\" \/>\n<meta property=\"article:publisher\" content=\"https:\/\/www.facebook.com\/TMItaliaCucine\" \/>\n<meta property=\"article:published_time\" content=\"2024-05-03T12:55:41+00:00\" \/>\n<meta property=\"article:modified_time\" content=\"2026-06-24T15:09:02+00:00\" \/>\n<meta property=\"og:image\" content=\"https:\/\/tmitalia.it\/wp-content\/uploads\/2024\/05\/TM_mel_2024_gloss_001-scaled.jpeg\" \/>\n\t<meta property=\"og:image:width\" content=\"2560\" \/>\n\t<meta property=\"og:image:height\" content=\"1707\" \/>\n\t<meta property=\"og:image:type\" content=\"image\/jpeg\" \/>\n<meta name=\"author\" content=\"Marketing TMItalia\" \/>\n<meta name=\"twitter:card\" content=\"summary_large_image\" \/>\n<script type=\"application\/ld+json\" class=\"yoast-schema-graph\">{\"@context\":\"https:\\\/\\\/schema.org\",\"@graph\":[{\"@type\":\"Article\",\"@id\":\"https:\\\/\\\/tmitalia.it\\\/fr\\\/facades-de-cuisine-eco-responsables\\\/#article\",\"isPartOf\":{\"@id\":\"https:\\\/\\\/tmitalia.it\\\/fr\\\/facades-de-cuisine-eco-responsables\\\/\"},\"author\":{\"name\":\"Marketing TMItalia\",\"@id\":\"https:\\\/\\\/tmitalia.it\\\/fr\\\/#\\\/schema\\\/person\\\/61e8d5bba8f10fc31ddd920515036825\"},\"headline\":\"Fa\u00e7ades de cuisine \u00e9co-responsables : la nouvelle collection en fibre de bois 100 % naturelle\",\"datePublished\":\"2024-05-03T12:55:41+00:00\",\"dateModified\":\"2026-06-24T15:09:02+00:00\",\"mainEntityOfPage\":{\"@id\":\"https:\\\/\\\/tmitalia.it\\\/fr\\\/facades-de-cuisine-eco-responsables\\\/\"},\"wordCount\":141,\"publisher\":{\"@id\":\"https:\\\/\\\/tmitalia.it\\\/fr\\\/#organization\"},\"image\":{\"@id\":\"https:\\\/\\\/tmitalia.it\\\/fr\\\/facades-de-cuisine-eco-responsables\\\/#primaryimage\"},\"thumbnailUrl\":\"https:\\\/\\\/tmitalia.it\\\/wp-content\\\/uploads\\\/2024\\\/05\\\/TM_mel_2024_gloss_001-scaled.jpeg\",\"articleSection\":[\"Non classifi\u00e9(e)\"],\"inLanguage\":\"fr-FR\"},{\"@type\":\"WebPage\",\"@id\":\"https:\\\/\\\/tmitalia.it\\\/fr\\\/facades-de-cuisine-eco-responsables\\\/\",\"url\":\"https:\\\/\\\/tmitalia.it\\\/fr\\\/facades-de-cuisine-eco-responsables\\\/\",\"name\":\"Fa\u00e7ades de cuisine \u00e9co-responsables : la nouvelle collection en fibre de bois 100 % naturelle Fa\u00e7ades de Cuisine \u00c9co-Responsables en Fibre de Bois | TM Italia| TM Italia\",\"isPartOf\":{\"@id\":\"https:\\\/\\\/tmitalia.it\\\/fr\\\/#website\"},\"primaryImageOfPage\":{\"@id\":\"https:\\\/\\\/tmitalia.it\\\/fr\\\/facades-de-cuisine-eco-responsables\\\/#primaryimage\"},\"image\":{\"@id\":\"https:\\\/\\\/tmitalia.it\\\/fr\\\/facades-de-cuisine-eco-responsables\\\/#primaryimage\"},\"thumbnailUrl\":\"https:\\\/\\\/tmitalia.it\\\/wp-content\\\/uploads\\\/2024\\\/05\\\/TM_mel_2024_gloss_001-scaled.jpeg\",\"datePublished\":\"2024-05-03T12:55:41+00:00\",\"dateModified\":\"2026-06-24T15:09:02+00:00\",\"description\":\"D\u00e9couvrez finitions \u00e9cologiques pour cuisines, certifi\u00e9es PEFC et CARB P2. Des surfaces design effet bois, m\u00e9tal et velours soft-touch\",\"breadcrumb\":{\"@id\":\"https:\\\/\\\/tmitalia.it\\\/fr\\\/facades-de-cuisine-eco-responsables\\\/#breadcrumb\"},\"inLanguage\":\"fr-FR\",\"potentialAction\":[{\"@type\":\"ReadAction\",\"target\":[\"https:\\\/\\\/tmitalia.it\\\/fr\\\/facades-de-cuisine-eco-responsables\\\/\"]}]},{\"@type\":\"ImageObject\",\"inLanguage\":\"fr-FR\",\"@id\":\"https:\\\/\\\/tmitalia.it\\\/fr\\\/facades-de-cuisine-eco-responsables\\\/#primaryimage\",\"url\":\"https:\\\/\\\/tmitalia.it\\\/wp-content\\\/uploads\\\/2024\\\/05\\\/TM_mel_2024_gloss_001-scaled.jpeg\",\"contentUrl\":\"https:\\\/\\\/tmitalia.it\\\/wp-content\\\/uploads\\\/2024\\\/05\\\/TM_mel_2024_gloss_001-scaled.jpeg\",\"width\":2560,\"height\":1707},{\"@type\":\"BreadcrumbList\",\"@id\":\"https:\\\/\\\/tmitalia.it\\\/fr\\\/facades-de-cuisine-eco-responsables\\\/#breadcrumb\",\"itemListElement\":[{\"@type\":\"ListItem\",\"position\":1,\"name\":\"Home\",\"item\":\"https:\\\/\\\/tmitalia.it\\\/fr\\\/\"},{\"@type\":\"ListItem\",\"position\":2,\"name\":\"Fa\u00e7ades de cuisine \u00e9co-responsables : la nouvelle collection en fibre de bois 100 % naturelle\"}]},{\"@type\":\"WebSite\",\"@id\":\"https:\\\/\\\/tmitalia.it\\\/fr\\\/#website\",\"url\":\"https:\\\/\\\/tmitalia.it\\\/fr\\\/\",\"name\":\"TM Italia\",\"description\":\"La cultura dell\u2019unicit\u00e0\",\"publisher\":{\"@id\":\"https:\\\/\\\/tmitalia.it\\\/fr\\\/#organization\"},\"potentialAction\":[{\"@type\":\"SearchAction\",\"target\":{\"@type\":\"EntryPoint\",\"urlTemplate\":\"https:\\\/\\\/tmitalia.it\\\/fr\\\/?s={search_term_string}\"},\"query-input\":{\"@type\":\"PropertyValueSpecification\",\"valueRequired\":true,\"valueName\":\"search_term_string\"}}],\"inLanguage\":\"fr-FR\"},{\"@type\":\"Organization\",\"@id\":\"https:\\\/\\\/tmitalia.it\\\/fr\\\/#organization\",\"name\":\"TM Italia\",\"alternateName\":\"TM Italia Cucine\",\"url\":\"https:\\\/\\\/tmitalia.it\\\/fr\\\/\",\"logo\":{\"@type\":\"ImageObject\",\"inLanguage\":\"fr-FR\",\"@id\":\"https:\\\/\\\/tmitalia.it\\\/fr\\\/#\\\/schema\\\/logo\\\/image\\\/\",\"url\":\"https:\\\/\\\/tmitalia.it\\\/wp-content\\\/uploads\\\/2016\\\/01\\\/tmitalia-logo.jpg\",\"contentUrl\":\"https:\\\/\\\/tmitalia.it\\\/wp-content\\\/uploads\\\/2016\\\/01\\\/tmitalia-logo.jpg\",\"width\":183,\"height\":50,\"caption\":\"TM Italia\"},\"image\":{\"@id\":\"https:\\\/\\\/tmitalia.it\\\/fr\\\/#\\\/schema\\\/logo\\\/image\\\/\"},\"sameAs\":[\"https:\\\/\\\/www.facebook.com\\\/TMItaliaCucine\",\"https:\\\/\\\/www.instagram.com\\\/tmitalia\\\/\",\"https:\\\/\\\/www.linkedin.com\\\/company\\\/tm-italia\\\/\",\"https:\\\/\\\/www.youtube.com\\\/channel\\\/UCkW7BwZItkb_R30GgdG5fcQ\"]},{\"@type\":\"Person\",\"@id\":\"https:\\\/\\\/tmitalia.it\\\/fr\\\/#\\\/schema\\\/person\\\/61e8d5bba8f10fc31ddd920515036825\",\"name\":\"Marketing TMItalia\"}]}<\/script>\n<!-- \/ Yoast SEO Premium plugin. -->","yoast_head_json":{"title":"Fa\u00e7ades de cuisine \u00e9co-responsables : la nouvelle collection en fibre de bois 100 % naturelle Fa\u00e7ades de Cuisine \u00c9co-Responsables en Fibre de Bois | TM Italia| TM Italia","description":"D\u00e9couvrez finitions \u00e9cologiques pour cuisines, certifi\u00e9es PEFC et CARB P2. Des surfaces design effet bois, m\u00e9tal et velours soft-touch","robots":{"index":"index","follow":"follow","max-snippet":"max-snippet:-1","max-image-preview":"max-image-preview:large","max-video-preview":"max-video-preview:-1"},"canonical":"https:\/\/tmitalia.it\/fr\/facades-de-cuisine-eco-responsables\/","og_locale":"fr_FR","og_type":"article","og_title":"Fa\u00e7ades de cuisine \u00e9co-responsables : la nouvelle collection en fibre de bois 100 % naturelle","og_description":"D\u00e9couvrez finitions \u00e9cologiques pour cuisines, certifi\u00e9es PEFC et CARB P2. Des surfaces design effet bois, m\u00e9tal et velours soft-touch","og_url":"https:\/\/tmitalia.it\/fr\/facades-de-cuisine-eco-responsables\/","og_site_name":"TM Italia","article_publisher":"https:\/\/www.facebook.com\/TMItaliaCucine","article_published_time":"2024-05-03T12:55:41+00:00","article_modified_time":"2026-06-24T15:09:02+00:00","og_image":[{"width":2560,"height":1707,"url":"https:\/\/tmitalia.it\/wp-content\/uploads\/2024\/05\/TM_mel_2024_gloss_001-scaled.jpeg","type":"image\/jpeg"}],"author":"Marketing TMItalia","twitter_card":"summary_large_image","schema":{"@context":"https:\/\/schema.org","@graph":[{"@type":"Article","@id":"https:\/\/tmitalia.it\/fr\/facades-de-cuisine-eco-responsables\/#article","isPartOf":{"@id":"https:\/\/tmitalia.it\/fr\/facades-de-cuisine-eco-responsables\/"},"author":{"name":"Marketing TMItalia","@id":"https:\/\/tmitalia.it\/fr\/#\/schema\/person\/61e8d5bba8f10fc31ddd920515036825"},"headline":"Fa\u00e7ades de cuisine \u00e9co-responsables : la nouvelle collection en fibre de bois 100 % naturelle","datePublished":"2024-05-03T12:55:41+00:00","dateModified":"2026-06-24T15:09:02+00:00","mainEntityOfPage":{"@id":"https:\/\/tmitalia.it\/fr\/facades-de-cuisine-eco-responsables\/"},"wordCount":141,"publisher":{"@id":"https:\/\/tmitalia.it\/fr\/#organization"},"image":{"@id":"https:\/\/tmitalia.it\/fr\/facades-de-cuisine-eco-responsables\/#primaryimage"},"thumbnailUrl":"https:\/\/tmitalia.it\/wp-content\/uploads\/2024\/05\/TM_mel_2024_gloss_001-scaled.jpeg","articleSection":["Non classifi\u00e9(e)"],"inLanguage":"fr-FR"},{"@type":"WebPage","@id":"https:\/\/tmitalia.it\/fr\/facades-de-cuisine-eco-responsables\/","url":"https:\/\/tmitalia.it\/fr\/facades-de-cuisine-eco-responsables\/","name":"Fa\u00e7ades de cuisine \u00e9co-responsables : la nouvelle collection en fibre de bois 100 % naturelle Fa\u00e7ades de Cuisine \u00c9co-Responsables en Fibre de Bois | TM Italia| TM Italia","isPartOf":{"@id":"https:\/\/tmitalia.it\/fr\/#website"},"primaryImageOfPage":{"@id":"https:\/\/tmitalia.it\/fr\/facades-de-cuisine-eco-responsables\/#primaryimage"},"image":{"@id":"https:\/\/tmitalia.it\/fr\/facades-de-cuisine-eco-responsables\/#primaryimage"},"thumbnailUrl":"https:\/\/tmitalia.it\/wp-content\/uploads\/2024\/05\/TM_mel_2024_gloss_001-scaled.jpeg","datePublished":"2024-05-03T12:55:41+00:00","dateModified":"2026-06-24T15:09:02+00:00","description":"D\u00e9couvrez finitions \u00e9cologiques pour cuisines, certifi\u00e9es PEFC et CARB P2. Des surfaces design effet bois, m\u00e9tal et velours soft-touch","breadcrumb":{"@id":"https:\/\/tmitalia.it\/fr\/facades-de-cuisine-eco-responsables\/#breadcrumb"},"inLanguage":"fr-FR","potentialAction":[{"@type":"ReadAction","target":["https:\/\/tmitalia.it\/fr\/facades-de-cuisine-eco-responsables\/"]}]},{"@type":"ImageObject","inLanguage":"fr-FR","@id":"https:\/\/tmitalia.it\/fr\/facades-de-cuisine-eco-responsables\/#primaryimage","url":"https:\/\/tmitalia.it\/wp-content\/uploads\/2024\/05\/TM_mel_2024_gloss_001-scaled.jpeg","contentUrl":"https:\/\/tmitalia.it\/wp-content\/uploads\/2024\/05\/TM_mel_2024_gloss_001-scaled.jpeg","width":2560,"height":1707},{"@type":"BreadcrumbList","@id":"https:\/\/tmitalia.it\/fr\/facades-de-cuisine-eco-responsables\/#breadcrumb","itemListElement":[{"@type":"ListItem","position":1,"name":"Home","item":"https:\/\/tmitalia.it\/fr\/"},{"@type":"ListItem","position":2,"name":"Fa\u00e7ades de cuisine \u00e9co-responsables : la nouvelle collection en fibre de bois 100 % naturelle"}]},{"@type":"WebSite","@id":"https:\/\/tmitalia.it\/fr\/#website","url":"https:\/\/tmitalia.it\/fr\/","name":"TM Italia","description":"La cultura dell\u2019unicit\u00e0","publisher":{"@id":"https:\/\/tmitalia.it\/fr\/#organization"},"potentialAction":[{"@type":"SearchAction","target":{"@type":"EntryPoint","urlTemplate":"https:\/\/tmitalia.it\/fr\/?s={search_term_string}"},"query-input":{"@type":"PropertyValueSpecification","valueRequired":true,"valueName":"search_term_string"}}],"inLanguage":"fr-FR"},{"@type":"Organization","@id":"https:\/\/tmitalia.it\/fr\/#organization","name":"TM Italia","alternateName":"TM Italia Cucine","url":"https:\/\/tmitalia.it\/fr\/","logo":{"@type":"ImageObject","inLanguage":"fr-FR","@id":"https:\/\/tmitalia.it\/fr\/#\/schema\/logo\/image\/","url":"https:\/\/tmitalia.it\/wp-content\/uploads\/2016\/01\/tmitalia-logo.jpg","contentUrl":"https:\/\/tmitalia.it\/wp-content\/uploads\/2016\/01\/tmitalia-logo.jpg","width":183,"height":50,"caption":"TM Italia"},"image":{"@id":"https:\/\/tmitalia.it\/fr\/#\/schema\/logo\/image\/"},"sameAs":["https:\/\/www.facebook.com\/TMItaliaCucine","https:\/\/www.instagram.com\/tmitalia\/","https:\/\/www.linkedin.com\/company\/tm-italia\/","https:\/\/www.youtube.com\/channel\/UCkW7BwZItkb_R30GgdG5fcQ"]},{"@type":"Person","@id":"https:\/\/tmitalia.it\/fr\/#\/schema\/person\/61e8d5bba8f10fc31ddd920515036825","name":"Marketing TMItalia"}]}},"_links":{"self":[{"href":"https:\/\/tmitalia.it\/fr\/wp-json\/wp\/v2\/posts\/71704","targetHints":{"allow":["GET"]}}],"collection":[{"href":"https:\/\/tmitalia.it\/fr\/wp-json\/wp\/v2\/posts"}],"about":[{"href":"https:\/\/tmitalia.it\/fr\/wp-json\/wp\/v2\/types\/post"}],"author":[{"embeddable":true,"href":"https:\/\/tmitalia.it\/fr\/wp-json\/wp\/v2\/users\/4"}],"replies":[{"embeddable":true,"href":"https:\/\/tmitalia.it\/fr\/wp-json\/wp\/v2\/comments?post=71704"}],"version-history":[{"count":1,"href":"https:\/\/tmitalia.it\/fr\/wp-json\/wp\/v2\/posts\/71704\/revisions"}],"predecessor-version":[{"id":75107,"href":"https:\/\/tmitalia.it\/fr\/wp-json\/wp\/v2\/posts\/71704\/revisions\/75107"}],"wp:featuredmedia":[{"embeddable":true,"href":"https:\/\/tmitalia.it\/fr\/wp-json\/wp\/v2\/media\/70819"}],"wp:attachment":[{"href":"https:\/\/tmitalia.it\/fr\/wp-json\/wp\/v2\/media?parent=71704"}],"wp:term":[{"taxonomy":"category","embeddable":true,"href":"https:\/\/tmitalia.it\/fr\/wp-json\/wp\/v2\/categories?post=71704"},{"taxonomy":"post_tag","embeddable":true,"href":"https:\/\/tmitalia.it\/fr\/wp-json\/wp\/v2\/tags?post=71704"}],"curies":[{"name":"wp","href":"https:\/\/api.w.org\/{rel}","templated":true}]}}